{"id":1017,"date":"2017-07-20T23:02:29","date_gmt":"2017-07-20T21:02:29","guid":{"rendered":"http:\/\/www.paulinemorin.com\/?p=1017"},"modified":"2017-07-20T23:02:29","modified_gmt":"2017-07-20T21:02:29","slug":"nouvelles-couleurs-juillet-2017","status":"publish","type":"post","link":"https:\/\/www.paulinemorin.com\/index.php\/2017\/07\/20\/nouvelles-couleurs-juillet-2017\/","title":{"rendered":"Nouvelles couleurs Juillet 2017"},"content":{"rendered":"<h3><strong><span style=\"color: #cc99ff;\">5 nouvelles couleurs toutes fra\u00eeches \ud83d\ude09<\/span><\/strong><\/h3>\n<p><strong><span style=\"color: #666699;\">Outback Jeans<\/span><\/strong>:<\/p>\n<p>En pleine p\u00e9riode de festivals, c&rsquo;est la couleur Denim qu&rsquo;on aimera porter, facile \u00e0 associer et l\u00e9g\u00e8rement paillet\u00e9.<\/p>\n<p><img loading=\"lazy\" class=\"alignnone size-medium wp-image-1014\" src=\"https:\/\/www.paulinemorin.com\/wp-content\/uploads\/2017\/07\/quickgrid_2017720183837865-300x300.png\" alt=\"\" width=\"300\" height=\"300\" srcset=\"https:\/\/www.paulinemorin.com\/wp-content\/uploads\/2017\/07\/quickgrid_2017720183837865-300x300.png 300w, https:\/\/www.paulinemorin.com\/wp-content\/uploads\/2017\/07\/quickgrid_2017720183837865-150x150.png 150w, https:\/\/www.paulinemorin.com\/wp-content\/uploads\/2017\/07\/quickgrid_2017720183837865-768x768.png 768w, https:\/\/www.paulinemorin.com\/wp-content\/uploads\/2017\/07\/quickgrid_2017720183837865-1024x1024.png 1024w, https:\/\/www.paulinemorin.com\/wp-content\/uploads\/2017\/07\/quickgrid_2017720183837865-60x60.png 60w\" sizes=\"(max-width: 300px) 100vw, 300px\" \/><\/p>\n<p><strong><span style=\"color: #ff00ff;\">Fits my choo&rsquo;s<\/span><\/strong>:<\/p>\n<p>Un fuschia \u00e9clatant et iris\u00e9 pour l&rsquo;\u00e9t\u00e9. De quoi se mettre de bonne humeur et avoir la p\u00eache pour les vacances.<\/p>\n<p><img loading=\"lazy\" class=\"alignnone size-medium wp-image-1013\" src=\"https:\/\/www.paulinemorin.com\/wp-content\/uploads\/2017\/07\/quickgrid_201772017211514-300x300.png\" alt=\"\" width=\"300\" height=\"300\" srcset=\"https:\/\/www.paulinemorin.com\/wp-content\/uploads\/2017\/07\/quickgrid_201772017211514-300x300.png 300w, https:\/\/www.paulinemorin.com\/wp-content\/uploads\/2017\/07\/quickgrid_201772017211514-150x150.png 150w, https:\/\/www.paulinemorin.com\/wp-content\/uploads\/2017\/07\/quickgrid_201772017211514-768x768.png 768w, https:\/\/www.paulinemorin.com\/wp-content\/uploads\/2017\/07\/quickgrid_201772017211514-1024x1024.png 1024w, https:\/\/www.paulinemorin.com\/wp-content\/uploads\/2017\/07\/quickgrid_201772017211514-60x60.png 60w\" sizes=\"(max-width: 300px) 100vw, 300px\" \/><\/p>\n<p><span style=\"color: #ff99cc;\"><strong><span style=\"color: #cf9fb7;\">Mani Monday<\/span><\/strong><span style=\"color: #000000;\"> :<\/span><\/span><\/p>\n<p>De la sobri\u00e9t\u00e9, teinte l\u00e9g\u00e8re et sophistiqu\u00e9e, c&rsquo;est un rose p\u00e2le aux accents gris clair.<\/p>\n<p><img loading=\"lazy\" class=\"alignnone size-medium wp-image-1012\" src=\"https:\/\/www.paulinemorin.com\/wp-content\/uploads\/2017\/07\/quickgrid_2017720171936736-300x300.png\" alt=\"\" width=\"300\" height=\"300\" srcset=\"https:\/\/www.paulinemorin.com\/wp-content\/uploads\/2017\/07\/quickgrid_2017720171936736-300x300.png 300w, https:\/\/www.paulinemorin.com\/wp-content\/uploads\/2017\/07\/quickgrid_2017720171936736-150x150.png 150w, https:\/\/www.paulinemorin.com\/wp-content\/uploads\/2017\/07\/quickgrid_2017720171936736-768x768.png 768w, https:\/\/www.paulinemorin.com\/wp-content\/uploads\/2017\/07\/quickgrid_2017720171936736-1024x1024.png 1024w, https:\/\/www.paulinemorin.com\/wp-content\/uploads\/2017\/07\/quickgrid_2017720171936736-60x60.png 60w\" sizes=\"(max-width: 300px) 100vw, 300px\" \/><\/p>\n<p><strong><span style=\"color: #d6387a;\">Farandole<\/span><\/strong>:<\/p>\n<p>Le rouge reste une valeur s\u00fbr pour toutes les nailista et ce framboise scintillant va vous faire fondre.<\/p>\n<p><img loading=\"lazy\" class=\"alignnone size-medium wp-image-1018\" src=\"https:\/\/www.paulinemorin.com\/wp-content\/uploads\/2017\/07\/quickgrid_2017720204937978-300x300.png\" alt=\"\" width=\"300\" height=\"300\" srcset=\"https:\/\/www.paulinemorin.com\/wp-content\/uploads\/2017\/07\/quickgrid_2017720204937978-300x300.png 300w, https:\/\/www.paulinemorin.com\/wp-content\/uploads\/2017\/07\/quickgrid_2017720204937978-150x150.png 150w, https:\/\/www.paulinemorin.com\/wp-content\/uploads\/2017\/07\/quickgrid_2017720204937978-768x768.png 768w, https:\/\/www.paulinemorin.com\/wp-content\/uploads\/2017\/07\/quickgrid_2017720204937978-1024x1024.png 1024w, https:\/\/www.paulinemorin.com\/wp-content\/uploads\/2017\/07\/quickgrid_2017720204937978-60x60.png 60w\" sizes=\"(max-width: 300px) 100vw, 300px\" \/><\/p>\n<p><strong><span style=\"color: #510c5c;\">Evening orchid<\/span><\/strong>:<\/p>\n<p>\u00cates vous un oiseau de nuit? Ce mauve l\u00e9g\u00e8rement paillet\u00e9 va vous s\u00e9duire avec ses reflets myst\u00e9rieux et envo\u00fbtant.<\/p>\n<p><img loading=\"lazy\" class=\"alignnone size-medium wp-image-1015\" src=\"https:\/\/www.paulinemorin.com\/wp-content\/uploads\/2017\/07\/quickgrid_2017720192720560-300x300.png\" alt=\"\" width=\"300\" height=\"300\" srcset=\"https:\/\/www.paulinemorin.com\/wp-content\/uploads\/2017\/07\/quickgrid_2017720192720560-300x300.png 300w, https:\/\/www.paulinemorin.com\/wp-content\/uploads\/2017\/07\/quickgrid_2017720192720560-150x150.png 150w, https:\/\/www.paulinemorin.com\/wp-content\/uploads\/2017\/07\/quickgrid_2017720192720560-768x768.png 768w, https:\/\/www.paulinemorin.com\/wp-content\/uploads\/2017\/07\/quickgrid_2017720192720560-1024x1024.png 1024w, https:\/\/www.paulinemorin.com\/wp-content\/uploads\/2017\/07\/quickgrid_2017720192720560-60x60.png 60w\" sizes=\"(max-width: 300px) 100vw, 300px\" \/><\/p>\n","protected":false},"excerpt":{"rendered":"<p>5 nouvelles couleurs toutes fra\u00eeches \ud83d\ude09 Outback Jeans: En pleine p\u00e9riode de festivals, c&rsquo;est la couleur Denim qu&rsquo;on aimera porter, facile \u00e0 associer et l\u00e9g\u00e8rement paillet\u00e9. Fits my choo&rsquo;s: Un fuschia \u00e9clatant et iris\u00e9 pour l&rsquo;\u00e9t\u00e9. De quoi se mettre de bonne humeur et avoir la p\u00eache pour les vacances. Mani Monday : De la [&hellip;]<\/p>\n","protected":false},"author":2,"featured_media":0,"comment_status":"closed","ping_status":"closed","sticky":false,"template":"","format":"standard","meta":[],"categories":[15,6],"tags":[],"_links":{"self":[{"href":"https:\/\/www.paulinemorin.com\/index.php\/wp-json\/wp\/v2\/posts\/1017"}],"collection":[{"href":"https:\/\/www.paulinemorin.com\/index.php\/wp-json\/wp\/v2\/posts"}],"about":[{"href":"https:\/\/www.paulinemorin.com\/index.php\/wp-json\/wp\/v2\/types\/post"}],"author":[{"embeddable":true,"href":"https:\/\/www.paulinemorin.com\/index.php\/wp-json\/wp\/v2\/users\/2"}],"replies":[{"embeddable":true,"href":"https:\/\/www.paulinemorin.com\/index.php\/wp-json\/wp\/v2\/comments?post=1017"}],"version-history":[{"count":4,"href":"https:\/\/www.paulinemorin.com\/index.php\/wp-json\/wp\/v2\/posts\/1017\/revisions"}],"predecessor-version":[{"id":1022,"href":"https:\/\/www.paulinemorin.com\/index.php\/wp-json\/wp\/v2\/posts\/1017\/revisions\/1022"}],"wp:attachment":[{"href":"https:\/\/www.paulinemorin.com\/index.php\/wp-json\/wp\/v2\/media?parent=1017"}],"wp:term":[{"taxonomy":"category","embeddable":true,"href":"https:\/\/www.paulinemorin.com\/index.php\/wp-json\/wp\/v2\/categories?post=1017"},{"taxonomy":"post_tag","embeddable":true,"href":"https:\/\/www.paulinemorin.com\/index.php\/wp-json\/wp\/v2\/tags?post=1017"}],"curies":[{"name":"wp","href":"https:\/\/api.w.org\/{rel}","templated":true}]}}