{"id":1532,"date":"2019-06-07T22:20:58","date_gmt":"2019-06-07T20:20:58","guid":{"rendered":"http:\/\/www.paulinemorin.com\/?p=1532"},"modified":"2019-06-07T22:20:58","modified_gmt":"2019-06-07T20:20:58","slug":"on-pense-a-ses-pieds-cheris","status":"publish","type":"post","link":"https:\/\/www.paulinemorin.com\/index.php\/2019\/06\/07\/on-pense-a-ses-pieds-cheris\/","title":{"rendered":"On pense \u00e0 ses pieds ch\u00e9ris"},"content":{"rendered":"<p><img loading=\"lazy\" class=\"alignnone size-full wp-image-1533\" src=\"https:\/\/www.paulinemorin.com\/wp-content\/uploads\/2019\/06\/cca3d98a8dea88b077b629aea12c76c5.jpg\" alt=\"\" width=\"626\" height=\"626\" srcset=\"https:\/\/www.paulinemorin.com\/wp-content\/uploads\/2019\/06\/cca3d98a8dea88b077b629aea12c76c5.jpg 626w, https:\/\/www.paulinemorin.com\/wp-content\/uploads\/2019\/06\/cca3d98a8dea88b077b629aea12c76c5-150x150.jpg 150w, https:\/\/www.paulinemorin.com\/wp-content\/uploads\/2019\/06\/cca3d98a8dea88b077b629aea12c76c5-300x300.jpg 300w, https:\/\/www.paulinemorin.com\/wp-content\/uploads\/2019\/06\/cca3d98a8dea88b077b629aea12c76c5-60x60.jpg 60w\" sizes=\"(max-width: 626px) 100vw, 626px\" \/><\/p>\n<p>M\u00eame si le soleil se fait d\u00e9sirer il ne faut pas n\u00e9gliger ses pieds.<\/p>\n<p>Pensez au vernis permanent ou au gel pour les colorer.<\/p>\n<p>Pose gel ou vernis permanent sur pieds: 20\u20ac<img loading=\"lazy\" class=\"alignnone size-full wp-image-1534\" src=\"https:\/\/www.paulinemorin.com\/wp-content\/uploads\/2019\/06\/726e2931866e855b06512b46acc83a97.jpg\" alt=\"\" width=\"1200\" height=\"1024\" srcset=\"https:\/\/www.paulinemorin.com\/wp-content\/uploads\/2019\/06\/726e2931866e855b06512b46acc83a97.jpg 1200w, https:\/\/www.paulinemorin.com\/wp-content\/uploads\/2019\/06\/726e2931866e855b06512b46acc83a97-300x256.jpg 300w, https:\/\/www.paulinemorin.com\/wp-content\/uploads\/2019\/06\/726e2931866e855b06512b46acc83a97-768x655.jpg 768w, https:\/\/www.paulinemorin.com\/wp-content\/uploads\/2019\/06\/726e2931866e855b06512b46acc83a97-1024x874.jpg 1024w\" sizes=\"(max-width: 1200px) 100vw, 1200px\" \/><img loading=\"lazy\" class=\"alignnone size-full wp-image-1536\" src=\"https:\/\/www.paulinemorin.com\/wp-content\/uploads\/2019\/06\/d63bc3eaaf581bd3a631e349af670052.jpg\" alt=\"\" width=\"1011\" height=\"1500\" srcset=\"https:\/\/www.paulinemorin.com\/wp-content\/uploads\/2019\/06\/d63bc3eaaf581bd3a631e349af670052.jpg 1011w, https:\/\/www.paulinemorin.com\/wp-content\/uploads\/2019\/06\/d63bc3eaaf581bd3a631e349af670052-202x300.jpg 202w, https:\/\/www.paulinemorin.com\/wp-content\/uploads\/2019\/06\/d63bc3eaaf581bd3a631e349af670052-768x1139.jpg 768w, https:\/\/www.paulinemorin.com\/wp-content\/uploads\/2019\/06\/d63bc3eaaf581bd3a631e349af670052-690x1024.jpg 690w\" sizes=\"(max-width: 1011px) 100vw, 1011px\" \/><img loading=\"lazy\" class=\"alignnone size-full wp-image-687\" src=\"https:\/\/www.paulinemorin.com\/wp-content\/uploads\/2017\/04\/quickgrid_201744162648570.jpg\" alt=\"\" width=\"2200\" height=\"2200\" srcset=\"https:\/\/www.paulinemorin.com\/wp-content\/uploads\/2017\/04\/quickgrid_201744162648570.jpg 2200w, https:\/\/www.paulinemorin.com\/wp-content\/uploads\/2017\/04\/quickgrid_201744162648570-150x150.jpg 150w, https:\/\/www.paulinemorin.com\/wp-content\/uploads\/2017\/04\/quickgrid_201744162648570-300x300.jpg 300w, https:\/\/www.paulinemorin.com\/wp-content\/uploads\/2017\/04\/quickgrid_201744162648570-768x768.jpg 768w, https:\/\/www.paulinemorin.com\/wp-content\/uploads\/2017\/04\/quickgrid_201744162648570-1024x1024.jpg 1024w, https:\/\/www.paulinemorin.com\/wp-content\/uploads\/2017\/04\/quickgrid_201744162648570-60x60.jpg 60w\" sizes=\"(max-width: 2200px) 100vw, 2200px\" \/><\/p>\n","protected":false},"excerpt":{"rendered":"<p>M\u00eame si le soleil se fait d\u00e9sirer il ne faut pas n\u00e9gliger ses pieds. Pensez au vernis permanent ou au gel pour les colorer. Pose gel ou vernis permanent sur pieds: 20\u20ac<\/p>\n","protected":false},"author":2,"featured_media":0,"comment_status":"closed","ping_status":"closed","sticky":false,"template":"","format":"standard","meta":[],"categories":[15,6],"tags":[],"_links":{"self":[{"href":"https:\/\/www.paulinemorin.com\/index.php\/wp-json\/wp\/v2\/posts\/1532"}],"collection":[{"href":"https:\/\/www.paulinemorin.com\/index.php\/wp-json\/wp\/v2\/posts"}],"about":[{"href":"https:\/\/www.paulinemorin.com\/index.php\/wp-json\/wp\/v2\/types\/post"}],"author":[{"embeddable":true,"href":"https:\/\/www.paulinemorin.com\/index.php\/wp-json\/wp\/v2\/users\/2"}],"replies":[{"embeddable":true,"href":"https:\/\/www.paulinemorin.com\/index.php\/wp-json\/wp\/v2\/comments?post=1532"}],"version-history":[{"count":2,"href":"https:\/\/www.paulinemorin.com\/index.php\/wp-json\/wp\/v2\/posts\/1532\/revisions"}],"predecessor-version":[{"id":1537,"href":"https:\/\/www.paulinemorin.com\/index.php\/wp-json\/wp\/v2\/posts\/1532\/revisions\/1537"}],"wp:attachment":[{"href":"https:\/\/www.paulinemorin.com\/index.php\/wp-json\/wp\/v2\/media?parent=1532"}],"wp:term":[{"taxonomy":"category","embeddable":true,"href":"https:\/\/www.paulinemorin.com\/index.php\/wp-json\/wp\/v2\/categories?post=1532"},{"taxonomy":"post_tag","embeddable":true,"href":"https:\/\/www.paulinemorin.com\/index.php\/wp-json\/wp\/v2\/tags?post=1532"}],"curies":[{"name":"wp","href":"https:\/\/api.w.org\/{rel}","templated":true}]}}