{"id":284,"date":"2016-10-25T16:32:43","date_gmt":"2016-10-25T14:32:43","guid":{"rendered":"http:\/\/www.paulinemorin.com\/?p=284"},"modified":"2017-02-20T17:00:41","modified_gmt":"2017-02-20T16:00:41","slug":"7-jours-7-coiffures","status":"publish","type":"post","link":"https:\/\/www.paulinemorin.com\/index.php\/2016\/10\/25\/7-jours-7-coiffures\/","title":{"rendered":"7 Jours = 7 Coiffures"},"content":{"rendered":"<p><a href=\"https:\/\/www.paulinemorin.com\/wp-content\/uploads\/2016\/10\/IMG_1102.jpg\"><img loading=\"lazy\" class=\"aligncenter wp-image-282\" src=\"https:\/\/www.paulinemorin.com\/wp-content\/uploads\/2016\/10\/IMG_1102.jpg\" alt=\"img_1102\" width=\"397\" height=\"397\" srcset=\"https:\/\/www.paulinemorin.com\/wp-content\/uploads\/2016\/10\/IMG_1102.jpg 640w, https:\/\/www.paulinemorin.com\/wp-content\/uploads\/2016\/10\/IMG_1102-150x150.jpg 150w, https:\/\/www.paulinemorin.com\/wp-content\/uploads\/2016\/10\/IMG_1102-300x300.jpg 300w, https:\/\/www.paulinemorin.com\/wp-content\/uploads\/2016\/10\/IMG_1102-60x60.jpg 60w\" sizes=\"(max-width: 397px) 100vw, 397px\" \/><\/a><\/p>\n<p>Comment je me coiffe aujourd&rsquo;hui?<br \/>\nJ&rsquo;ai pens\u00e9 que ce petit \u00ab\u00a0semainier\u00a0\u00bb de la coiffure pourrai en aider certaines qui bloquent parfois comme moi le matin devant leur miroir la brosse \u00e0 la main ^^<\/p>\n<p>Certaines coiffures sont une peu plus longues \u00e0 faire que d&rsquo;autres (la tresse \u00e9pis me semble \u00e0 chaque fois interminable \ud83d\ude09 ) mais avec un peu d&rsquo;entra\u00eenement \u00e7a ira sans probl\u00e8me.<\/p>\n<p>Attention les tresses sont au rendez-vous \ud83d\ude09<\/p>\n<p><span style=\"color: #6b94bf;\"><strong>Lundi:<\/strong> <strong>Petites tresses de princesses ^^<\/strong><\/span><br \/>\n<a href=\"https:\/\/www.paulinemorin.com\/wp-content\/uploads\/2016\/10\/img1477390177456.jpg\"><img loading=\"lazy\" class=\"aligncenter wp-image-270\" src=\"https:\/\/www.paulinemorin.com\/wp-content\/uploads\/2016\/10\/img1477390177456.jpg\" alt=\"img1477390177456\" width=\"363\" height=\"363\" srcset=\"https:\/\/www.paulinemorin.com\/wp-content\/uploads\/2016\/10\/img1477390177456.jpg 960w, https:\/\/www.paulinemorin.com\/wp-content\/uploads\/2016\/10\/img1477390177456-150x150.jpg 150w, https:\/\/www.paulinemorin.com\/wp-content\/uploads\/2016\/10\/img1477390177456-300x300.jpg 300w, https:\/\/www.paulinemorin.com\/wp-content\/uploads\/2016\/10\/img1477390177456-768x768.jpg 768w, https:\/\/www.paulinemorin.com\/wp-content\/uploads\/2016\/10\/img1477390177456-60x60.jpg 60w\" sizes=\"(max-width: 363px) 100vw, 363px\" \/><\/a><br \/>\n<span style=\"color: #6b94bf;\"><strong><em>Mat\u00e9riels:<\/em>1 Barrette\/1 elastique\/ ou pinces \u00e0 chignons (Bobby Pins).<\/strong><\/span><br \/>\nCheveux l\u00e2ch\u00e9s ,une fois que vous avez fait une rez au milieu, faites 2 tresses de chaque c\u00f4t\u00e9 du front et attachez les \u00e0 l&rsquo;arri\u00e8re de la t\u00eate avec une pince ou barrettes \u00e0 chignons par exemple.<\/p>\n<p><strong>Mardi: Les Couettes c&rsquo;est chouettes<\/strong><br \/>\n<a href=\"https:\/\/www.paulinemorin.com\/wp-content\/uploads\/2016\/10\/img1477390525465.jpg\"><img loading=\"lazy\" class=\"aligncenter wp-image-271\" src=\"https:\/\/www.paulinemorin.com\/wp-content\/uploads\/2016\/10\/img1477390525465.jpg\" alt=\"img1477390525465\" width=\"367\" height=\"367\" srcset=\"https:\/\/www.paulinemorin.com\/wp-content\/uploads\/2016\/10\/img1477390525465.jpg 960w, https:\/\/www.paulinemorin.com\/wp-content\/uploads\/2016\/10\/img1477390525465-150x150.jpg 150w, https:\/\/www.paulinemorin.com\/wp-content\/uploads\/2016\/10\/img1477390525465-300x300.jpg 300w, https:\/\/www.paulinemorin.com\/wp-content\/uploads\/2016\/10\/img1477390525465-768x768.jpg 768w, https:\/\/www.paulinemorin.com\/wp-content\/uploads\/2016\/10\/img1477390525465-60x60.jpg 60w\" sizes=\"(max-width: 367px) 100vw, 367px\" \/><\/a><br \/>\n<strong><em>Mat\u00e9riels:<\/em> 1 Elastique.<\/strong><br \/>\nFaites une couette basse du c\u00f4t\u00e9 que vous voulez avec un \u00e9lastique et faite la passer \u00e0 travers vos cheveux de l&rsquo;ext\u00e9rieur vers l&rsquo;int\u00e9rieur.<\/p>\n<p><span style=\"color: #cf2525;\"><strong>Mercredi:<\/strong><\/span> <span style=\"color: #d41111;\"><strong>Chignon tress\u00e9<\/strong><\/span><br \/>\n<a href=\"https:\/\/www.paulinemorin.com\/wp-content\/uploads\/2016\/10\/img1477396417358.jpg\"><img loading=\"lazy\" class=\"aligncenter wp-image-272\" src=\"https:\/\/www.paulinemorin.com\/wp-content\/uploads\/2016\/10\/img1477396417358.jpg\" alt=\"img1477396417358\" width=\"366\" height=\"366\" srcset=\"https:\/\/www.paulinemorin.com\/wp-content\/uploads\/2016\/10\/img1477396417358.jpg 960w, https:\/\/www.paulinemorin.com\/wp-content\/uploads\/2016\/10\/img1477396417358-150x150.jpg 150w, https:\/\/www.paulinemorin.com\/wp-content\/uploads\/2016\/10\/img1477396417358-300x300.jpg 300w, https:\/\/www.paulinemorin.com\/wp-content\/uploads\/2016\/10\/img1477396417358-768x768.jpg 768w, https:\/\/www.paulinemorin.com\/wp-content\/uploads\/2016\/10\/img1477396417358-60x60.jpg 60w\" sizes=\"(max-width: 366px) 100vw, 366px\" \/><\/a><br \/>\n<strong><span style=\"color: #cf2525;\"><em>Mat\u00e9riels:<\/em> Plusieurs Bobby Pins (petites pinces \u00e0 chignons)\/1 Elastique\/ 1 Donut.<\/span><\/strong><\/p>\n<p>Voici un tutoriel simple \u00e0 suivre :<br \/>\n<a href=\"https:\/\/www.paulinemorin.com\/wp-content\/uploads\/2016\/10\/img1477400089985.jpg\"><img loading=\"lazy\" class=\"aligncenter wp-image-281\" src=\"https:\/\/www.paulinemorin.com\/wp-content\/uploads\/2016\/10\/img1477400089985.jpg\" alt=\"img1477400089985\" width=\"360\" height=\"360\" srcset=\"https:\/\/www.paulinemorin.com\/wp-content\/uploads\/2016\/10\/img1477400089985.jpg 612w, https:\/\/www.paulinemorin.com\/wp-content\/uploads\/2016\/10\/img1477400089985-150x150.jpg 150w, https:\/\/www.paulinemorin.com\/wp-content\/uploads\/2016\/10\/img1477400089985-300x300.jpg 300w, https:\/\/www.paulinemorin.com\/wp-content\/uploads\/2016\/10\/img1477400089985-60x60.jpg 60w\" sizes=\"(max-width: 360px) 100vw, 360px\" \/><\/a><\/p>\n<p><span style=\"color: #ff99cc;\"><strong>Je<span style=\"color: #ff99cc;\">udi:<\/span><\/strong><\/span> <strong><span style=\"color: #ff99cc;\">Queue de cheval tr\u00e9ss\u00e9<\/span><span style=\"color: #ff99cc;\">e<\/span><\/strong><br \/>\n<a href=\"https:\/\/www.paulinemorin.com\/wp-content\/uploads\/2016\/10\/img1477397356944.jpg\"><img loading=\"lazy\" class=\"aligncenter wp-image-274\" src=\"https:\/\/www.paulinemorin.com\/wp-content\/uploads\/2016\/10\/img1477397356944.jpg\" alt=\"img1477397356944\" width=\"367\" height=\"489\" srcset=\"https:\/\/www.paulinemorin.com\/wp-content\/uploads\/2016\/10\/img1477397356944.jpg 960w, https:\/\/www.paulinemorin.com\/wp-content\/uploads\/2016\/10\/img1477397356944-225x300.jpg 225w, https:\/\/www.paulinemorin.com\/wp-content\/uploads\/2016\/10\/img1477397356944-768x1023.jpg 768w, https:\/\/www.paulinemorin.com\/wp-content\/uploads\/2016\/10\/img1477397356944-769x1024.jpg 769w\" sizes=\"(max-width: 367px) 100vw, 367px\" \/><\/a><br \/>\n<strong><span style=\"color: #ff99cc;\"><em>Mat\u00e9riels:<\/em> 1 Mini \u00c9lastique de la couleur de vos cheveux si possible\/1 \u00c9lastique.<\/span><\/strong><\/p>\n<p>Prenez une m\u00e8che de cheveux sur le cot\u00e9 de votre front et faites en une tresse simple, attach\u00e9e la avec le mini \u00e9lastique.<br \/>\nPour lui donner plus de volume si vous voulez vous pouvez tirer d\u00e9licatement chaque brin.<br \/>\nPuis r\u00e9alisez votre queue de cheval en y incorporant votre tresse.Enroulez une fine m\u00e8che de cheveux autour de l&rsquo;\u00e9lastique si vous souhaitez le cacher.<\/p>\n<p><span style=\"color: #a6643c;\"><strong>Vendredi:<\/strong><\/span> <strong><span style=\"color: #945728;\">C&rsquo;est natte \u00e9pis !<\/span><\/strong><br \/>\n<a href=\"https:\/\/www.paulinemorin.com\/wp-content\/uploads\/2016\/10\/img1477397213563.jpg\"><img loading=\"lazy\" class=\"aligncenter wp-image-273\" src=\"https:\/\/www.paulinemorin.com\/wp-content\/uploads\/2016\/10\/img1477397213563.jpg\" alt=\"img1477397213563\" width=\"369\" height=\"492\" srcset=\"https:\/\/www.paulinemorin.com\/wp-content\/uploads\/2016\/10\/img1477397213563.jpg 960w, https:\/\/www.paulinemorin.com\/wp-content\/uploads\/2016\/10\/img1477397213563-225x300.jpg 225w, https:\/\/www.paulinemorin.com\/wp-content\/uploads\/2016\/10\/img1477397213563-768x1023.jpg 768w, https:\/\/www.paulinemorin.com\/wp-content\/uploads\/2016\/10\/img1477397213563-769x1024.jpg 769w\" sizes=\"(max-width: 369px) 100vw, 369px\" \/><\/a><\/p>\n<p><strong><span style=\"color: #a6643c;\"><em>Mat\u00e9riels:<\/em> 1 Elastique mini ou non \ud83d\ude42<\/span><\/strong><\/p>\n<p>Cette coiffure et plus longue \u00e0 r\u00e9aliser mais simple \u00e0 faire:<br \/>\n<a href=\"https:\/\/www.paulinemorin.com\/wp-content\/uploads\/2016\/10\/img1477399969978.jpg\"><img loading=\"lazy\" class=\"aligncenter wp-image-280\" src=\"https:\/\/www.paulinemorin.com\/wp-content\/uploads\/2016\/10\/img1477399969978.jpg\" alt=\"img1477399969978\" width=\"300\" height=\"766\" srcset=\"https:\/\/www.paulinemorin.com\/wp-content\/uploads\/2016\/10\/img1477399969978.jpg 300w, https:\/\/www.paulinemorin.com\/wp-content\/uploads\/2016\/10\/img1477399969978-117x300.jpg 117w\" sizes=\"(max-width: 300px) 100vw, 300px\" \/><\/a><\/p>\n<p><span style=\"color: #0b0b4f;\"><strong>Samedi:<\/strong><\/span> <strong><span style=\"color: #003366;\">Boxer Braids<\/span><\/strong><br \/>\n<a href=\"https:\/\/www.paulinemorin.com\/wp-content\/uploads\/2016\/10\/img1477397855015.jpg\"><img loading=\"lazy\" class=\"aligncenter wp-image-276\" src=\"https:\/\/www.paulinemorin.com\/wp-content\/uploads\/2016\/10\/img1477397855015.jpg\" alt=\"img1477397855015\" width=\"364\" height=\"364\" srcset=\"https:\/\/www.paulinemorin.com\/wp-content\/uploads\/2016\/10\/img1477397855015.jpg 960w, https:\/\/www.paulinemorin.com\/wp-content\/uploads\/2016\/10\/img1477397855015-150x150.jpg 150w, https:\/\/www.paulinemorin.com\/wp-content\/uploads\/2016\/10\/img1477397855015-300x300.jpg 300w, https:\/\/www.paulinemorin.com\/wp-content\/uploads\/2016\/10\/img1477397855015-768x768.jpg 768w, https:\/\/www.paulinemorin.com\/wp-content\/uploads\/2016\/10\/img1477397855015-60x60.jpg 60w\" sizes=\"(max-width: 364px) 100vw, 364px\" \/><\/a><\/p>\n<p>Une de mes coiffures pr\u00e9f\u00e9r\u00e9es, pratique et esth\u00e9tique:<br \/>\n<span style=\"color: #0b0b4f;\"><strong><em>Mat\u00e9riels:<\/em> 2 Elastiques<\/strong><\/span><br \/>\n<a href=\"https:\/\/www.paulinemorin.com\/wp-content\/uploads\/2016\/10\/img1477398866271.jpg\"><img loading=\"lazy\" class=\"aligncenter wp-image-279\" src=\"https:\/\/www.paulinemorin.com\/wp-content\/uploads\/2016\/10\/img1477398866271.jpg\" alt=\"img1477398866271\" width=\"300\" height=\"1021\" srcset=\"https:\/\/www.paulinemorin.com\/wp-content\/uploads\/2016\/10\/img1477398866271.jpg 282w, https:\/\/www.paulinemorin.com\/wp-content\/uploads\/2016\/10\/img1477398866271-88x300.jpg 88w\" sizes=\"(max-width: 300px) 100vw, 300px\" \/><\/a><\/p>\n<p><span style=\"color: #808080;\"><strong>Dimanche:<\/strong><\/span><span style=\"color: #808080;\"> <strong>Rope Braid <\/strong><strong>&amp; ponytail<\/strong> <\/span><br \/>\n<a href=\"https:\/\/www.paulinemorin.com\/wp-content\/uploads\/2016\/10\/img1477398061831.jpg\"><img loading=\"lazy\" class=\"aligncenter wp-image-277\" src=\"https:\/\/www.paulinemorin.com\/wp-content\/uploads\/2016\/10\/img1477398061831.jpg\" alt=\"img1477398061831\" width=\"366\" height=\"366\" srcset=\"https:\/\/www.paulinemorin.com\/wp-content\/uploads\/2016\/10\/img1477398061831.jpg 960w, https:\/\/www.paulinemorin.com\/wp-content\/uploads\/2016\/10\/img1477398061831-150x150.jpg 150w, https:\/\/www.paulinemorin.com\/wp-content\/uploads\/2016\/10\/img1477398061831-300x300.jpg 300w, https:\/\/www.paulinemorin.com\/wp-content\/uploads\/2016\/10\/img1477398061831-768x768.jpg 768w, https:\/\/www.paulinemorin.com\/wp-content\/uploads\/2016\/10\/img1477398061831-60x60.jpg 60w\" sizes=\"(max-width: 366px) 100vw, 366px\" \/><\/a><br \/>\n<strong><span style=\"color: #808080;\"><em>Mat\u00e9riels:<\/em> 2 Elastiques normaux ou minis.<\/span><\/strong><\/p>\n<p><a href=\"https:\/\/www.paulinemorin.com\/wp-content\/uploads\/2016\/10\/img1477398545201.jpg\"><img loading=\"lazy\" class=\"aligncenter wp-image-278\" src=\"https:\/\/www.paulinemorin.com\/wp-content\/uploads\/2016\/10\/img1477398545201.jpg\" alt=\"img1477398545201\" width=\"307\" height=\"708\" srcset=\"https:\/\/www.paulinemorin.com\/wp-content\/uploads\/2016\/10\/img1477398545201.jpg 416w, https:\/\/www.paulinemorin.com\/wp-content\/uploads\/2016\/10\/img1477398545201-130x300.jpg 130w\" sizes=\"(max-width: 307px) 100vw, 307px\" \/><\/a><\/p>\n<p><span style=\"color: #000000;\">Voil\u00e0 pour les 7 coiffures que j&rsquo;ai s\u00e9lectionn\u00e9 pour vous, j&rsquo;esp\u00e8re que cet article vous sera utile \ud83d\ude09<\/span><\/p>\n<p>\u00c0 bient\u00f4t !<\/p>\n<p><span style=\"color: #ff00ff;\">Pauline<\/span><\/p>\n","protected":false},"excerpt":{"rendered":"<p>Comment je me coiffe aujourd&rsquo;hui? J&rsquo;ai pens\u00e9 que ce petit \u00ab\u00a0semainier\u00a0\u00bb de la coiffure pourrai en aider certaines qui bloquent parfois comme moi le matin devant leur miroir la brosse \u00e0 la main ^^ Certaines coiffures sont une peu plus longues \u00e0 faire que d&rsquo;autres (la tresse \u00e9pis me semble \u00e0 chaque fois interminable \ud83d\ude09 [&hellip;]<\/p>\n","protected":false},"author":2,"featured_media":0,"comment_status":"open","ping_status":"closed","sticky":false,"template":"","format":"standard","meta":[],"categories":[12,13],"tags":[],"_links":{"self":[{"href":"https:\/\/www.paulinemorin.com\/index.php\/wp-json\/wp\/v2\/posts\/284"}],"collection":[{"href":"https:\/\/www.paulinemorin.com\/index.php\/wp-json\/wp\/v2\/posts"}],"about":[{"href":"https:\/\/www.paulinemorin.com\/index.php\/wp-json\/wp\/v2\/types\/post"}],"author":[{"embeddable":true,"href":"https:\/\/www.paulinemorin.com\/index.php\/wp-json\/wp\/v2\/users\/2"}],"replies":[{"embeddable":true,"href":"https:\/\/www.paulinemorin.com\/index.php\/wp-json\/wp\/v2\/comments?post=284"}],"version-history":[{"count":15,"href":"https:\/\/www.paulinemorin.com\/index.php\/wp-json\/wp\/v2\/posts\/284\/revisions"}],"predecessor-version":[{"id":301,"href":"https:\/\/www.paulinemorin.com\/index.php\/wp-json\/wp\/v2\/posts\/284\/revisions\/301"}],"wp:attachment":[{"href":"https:\/\/www.paulinemorin.com\/index.php\/wp-json\/wp\/v2\/media?parent=284"}],"wp:term":[{"taxonomy":"category","embeddable":true,"href":"https:\/\/www.paulinemorin.com\/index.php\/wp-json\/wp\/v2\/categories?post=284"},{"taxonomy":"post_tag","embeddable":true,"href":"https:\/\/www.paulinemorin.com\/index.php\/wp-json\/wp\/v2\/tags?post=284"}],"curies":[{"name":"wp","href":"https:\/\/api.w.org\/{rel}","templated":true}]}}