{"id":4182,"date":"2023-04-28T08:28:30","date_gmt":"2023-04-28T06:28:30","guid":{"rendered":"https:\/\/www.paulinemorin.com\/?p=4182"},"modified":"2023-07-13T17:22:08","modified_gmt":"2023-07-13T15:22:08","slug":"dates-de-formations-a-nouveau-disponibles","status":"publish","type":"post","link":"https:\/\/www.paulinemorin.com\/index.php\/2023\/04\/28\/dates-de-formations-a-nouveau-disponibles\/","title":{"rendered":"Dates de formations Gel et Gel-X Printemps\/\u00e9t\u00e9 2023"},"content":{"rendered":"<p><img loading=\"lazy\" class=\"alignnone size-large wp-image-4177\" src=\"https:\/\/www.paulinemorin.com\/wp-content\/uploads\/2023\/04\/Formation-reserver-576x1024.png\" alt=\"\" width=\"576\" height=\"1024\" srcset=\"https:\/\/www.paulinemorin.com\/wp-content\/uploads\/2023\/04\/Formation-reserver-576x1024.png 576w, https:\/\/www.paulinemorin.com\/wp-content\/uploads\/2023\/04\/Formation-reserver-169x300.png 169w, https:\/\/www.paulinemorin.com\/wp-content\/uploads\/2023\/04\/Formation-reserver-768x1365.png 768w, https:\/\/www.paulinemorin.com\/wp-content\/uploads\/2023\/04\/Formation-reserver-864x1536.png 864w, https:\/\/www.paulinemorin.com\/wp-content\/uploads\/2023\/04\/Formation-reserver-1152x2048.png 1152w, https:\/\/www.paulinemorin.com\/wp-content\/uploads\/2023\/04\/Formation-reserver.png 1890w\" sizes=\"(max-width: 576px) 100vw, 576px\" \/><\/p>\n<h2><span style=\"color: #ff6600;\">Le planning est complet, envoyez un mail pour connaitre les prochaines dates de formations.<\/span><\/h2>\n<p>Pour les Formations 1 jour pour la pose am\u00e9ricaine (pose gel-x) et la formation 1 jour semi-permanent m\u2019envoyer un mail \u00e0 Paulynemorin@gmail.com<\/p>\n<p>La formation est donn\u00e9e \u00e0 Jambes (Namur)<\/p>\n<p>Plus d&rsquo;informations ici:<a href=\"https:\/\/www.paulinemorin.com\/index.php\/formation-1\/\">infos<\/a><\/p>\n<p>et en savoir plus sur votre formatrice:<a href=\"https:\/\/www.paulinemorin.com\/index.php\/bienvenue-au-salon-de-beaute-pauline-morin\/\">qui suis-je?<\/a><\/p>\n<p>N&rsquo;h\u00e9sitez pas \u00e0 me contacter par mail pour plus de d\u00e9tails \ud83d\ude42<\/p>\n<p><b>\u00c0 bient\u00f4t\u00a0<\/b><\/p>\n<p>Pauline<\/p>\n<p>#paulinemorin #poseamericaine #posegelx #gelx #gel-x #formation #formationonglesnamur #gelxeducator<\/p>\n<p>#formationposeamericaine<\/p>\n<p>Formation pose am\u00e9ricaine, formation pose gelx, formation semi-permanent<\/p>\n","protected":false},"excerpt":{"rendered":"<p>Le planning est complet, envoyez un mail pour connaitre les prochaines dates de formations. Pour les Formations 1 jour pour la pose am\u00e9ricaine (pose gel-x) et la formation 1 jour semi-permanent m\u2019envoyer un mail \u00e0 Paulynemorin@gmail.com La formation est donn\u00e9e \u00e0 Jambes (Namur) Plus d&rsquo;informations ici:infos et en savoir plus sur votre formatrice:qui suis-je? N&rsquo;h\u00e9sitez [&hellip;]<\/p>\n","protected":false},"author":2,"featured_media":0,"comment_status":"closed","ping_status":"closed","sticky":false,"template":"","format":"standard","meta":[],"categories":[21,15,6],"tags":[],"_links":{"self":[{"href":"https:\/\/www.paulinemorin.com\/index.php\/wp-json\/wp\/v2\/posts\/4182"}],"collection":[{"href":"https:\/\/www.paulinemorin.com\/index.php\/wp-json\/wp\/v2\/posts"}],"about":[{"href":"https:\/\/www.paulinemorin.com\/index.php\/wp-json\/wp\/v2\/types\/post"}],"author":[{"embeddable":true,"href":"https:\/\/www.paulinemorin.com\/index.php\/wp-json\/wp\/v2\/users\/2"}],"replies":[{"embeddable":true,"href":"https:\/\/www.paulinemorin.com\/index.php\/wp-json\/wp\/v2\/comments?post=4182"}],"version-history":[{"count":9,"href":"https:\/\/www.paulinemorin.com\/index.php\/wp-json\/wp\/v2\/posts\/4182\/revisions"}],"predecessor-version":[{"id":4555,"href":"https:\/\/www.paulinemorin.com\/index.php\/wp-json\/wp\/v2\/posts\/4182\/revisions\/4555"}],"wp:attachment":[{"href":"https:\/\/www.paulinemorin.com\/index.php\/wp-json\/wp\/v2\/media?parent=4182"}],"wp:term":[{"taxonomy":"category","embeddable":true,"href":"https:\/\/www.paulinemorin.com\/index.php\/wp-json\/wp\/v2\/categories?post=4182"},{"taxonomy":"post_tag","embeddable":true,"href":"https:\/\/www.paulinemorin.com\/index.php\/wp-json\/wp\/v2\/tags?post=4182"}],"curies":[{"name":"wp","href":"https:\/\/api.w.org\/{rel}","templated":true}]}}